{"id":6177,"date":"2022-02-20T19:52:15","date_gmt":"2022-02-20T18:52:15","guid":{"rendered":"https:\/\/alto.watch\/?p=6177"},"modified":"2022-03-23T20:55:30","modified_gmt":"2022-03-23T19:55:30","slug":"des-podcasts-revolutionnaires-et-les-outils-libres-pour-les-ecouter-et-diffuser","status":"publish","type":"post","link":"https:\/\/alto.watch\/index.php\/2022\/02\/20\/des-podcasts-revolutionnaires-et-les-outils-libres-pour-les-ecouter-et-diffuser\/","title":{"rendered":"Des podcasts r\u00e9volutionnaires, et les outils libres pour les \u00e9couter et diffuser"},"content":{"rendered":"\n<p><strong>Le podcast s&#8217;impose dans les pratiques m\u00e9diatiques contemporaines et de plus en plus de camarades s&#8217;en emparent pour faire circuler les id\u00e9es du camp de l&#8217;\u00e9mancipation. Il peut \u00eatre \u00e9cout\u00e9 seul\u00b7e, en faisant la vaisselle, votre footing ou durant votre trajet quotidien au travail, mais il peut aussi faire l&#8217;objet d&#8217;\u00e9coutes collectives, rassembl\u00e9\u00b7es dans un amphi occup\u00e9, devant l&#8217;\u00e2tre d&#8217;une maison campagnarde ou autour d&#8217;un feu de palettes. Ci-dessous, nous vous proposons notre s\u00e9lection de podcasts r\u00e9volutionnaires, mais aussi quelques outils libres pour les \u00e9couter et les diffuser.<\/strong><\/p>\n\n\n\n<p><strong><a href=\"https:\/\/audioblog.arteradio.com\/blog\/177155\/avis-de-tempete\">Avis de temp\u00eate<\/a><\/strong><\/p>\n\n\n\n<p>Port\u00e9 par le collectif <a href=\"https:\/\/www.facebook.com\/desobecoloparis\/\">D\u00e9sob\u00e9issance \u00c9colo Paris<\/a>, <em>Avis de Temp\u00eate<\/em> est un podcast qui parle d&#8217;\u00e9cologie politique et de luttes sociales.<\/p>\n\n\n\n<p><strong><a href=\"https:\/\/www.mwasicollectif.org\/nos-podcasts\/\">Bininga Wok<\/a><\/strong><\/p>\n\n\n\n<p>&#8220;<em>Bininga wok<\/em> est un podcast qui se veut \u00eatre un espace d\u2019\u00e9change et d\u2019apprentissage sur les questions afrof\u00e9ministes. Son nom, \u00ab Bininga wok \u00bb, qui signifie en eton \u00ab femmes, \u00e9coutez ! \u00bb, illustre le cadre de l\u2019\u00e9mission : intimiste, militant et affirmatif.&#8221; Pr\u00e9sent\u00e9 par Roselyne Ngono.<\/p>\n\n\n\n<p><strong><a href=\"https:\/\/www.binge.audio\/podcast\/camille\/\">Camille<\/a><\/strong><\/p>\n\n\n\n<p><em>&#8220;A-t-on vraiment besoin du genre sur les papiers d\u2019identit\u00e9 ? Pourquoi traiter quelqu\u2019un d\u2019encul\u00e9, c\u2019est homophobe ? Un jeudi sur deux, Camille Regache propose de d\u00e9construire tout ce qui est consid\u00e9r\u00e9 comme naturel et inn\u00e9 en ce qui concerne l\u2019identit\u00e9 de genre et la sexualit\u00e9. Camille est un podcast de Binge Audio destin\u00e9 aux lesbiennes, gay, bi, trans et surtout aux h\u00e9t\u00e9ros.&#8221;<\/em><\/p>\n\n\n\n<p><strong><a href=\"https:\/\/www.ffp3.live\/\">FFP3<\/a><\/strong><\/p>\n\n\n\n<p><em>&#8220;Podcast d&#8217;entretiens avec celles et ceux qui, \u00e0 travers le monde, restent malgr\u00e9 les gaz.&#8221;<\/em><\/p>\n\n\n\n<p><strong><a href=\"https:\/\/kizustudio.org\/release\/isolation-termique\/\">Isolation Termique<\/a><\/strong><\/p>\n\n\n\n<p>Podcast de la Coordination Action Autonome Noire (C.A.A.N), chaque \u00e9pisode d\u2019<em>Isolation Termique <\/em>vise \u00e0<em> &#8220;isoler un concept important pour l&#8217;engagement du collectif et mettre en lumi\u00e8re d\u2019o\u00f9 il vient, ce qu\u2019il veut dire, et \u00e0 quoi il sert&nbsp;: des mots-cl\u00e9s pour ouvrir les portes.&#8221;<\/em><\/p>\n\n\n\n<p><strong><a href=\"https:\/\/binge.audio\/podcast\/le-coeur-sur-la-table\">Le C\u0153ur sur la table<\/a><\/strong><\/p>\n\n\n\n<p><em>&#8220;Parce que s\u2019aimer est l\u2019une des fa\u00e7ons de faire la r\u00e9volution. Une fois par semaine, un \u00e9pisode pour r\u00e9inventer nos relations amoureuses, nos liens avec nos ami\u00b7e\u00b7s, nos parent\u00b7e\u00b7s et nos amant\u00b7e\u00b7s.&#8221;<\/em><\/p>\n\n\n\n<p><strong><a href=\"https:\/\/audioblog.arteradio.com\/blog\/146870\/les-sons-des-terrestres\">Les sons des Terrestres<\/a><\/strong><\/p>\n\n\n\n<p><em>&#8220;Terrestres est la chambre d\u2019\u00e9cho des livres, des pratiques et des id\u00e9es qui redonnent des mondes et des \u00e9cologies \u00e0 la politique, au social et \u00e0 la culture. Essais, recensions, fictions, po\u00e8mes et formes hybrides : nous accueillons les textes qui aujourd\u2019hui animent les milieux universitaires autant que militants, les espaces publics autant que les exp\u00e9riences intimes, susceptibles de nous restituer la Terre qui nous manque. Dans &#8220;Les sons des Terrestres&#8221;, nous vous offrons des entretiens, des documentaires et des cr\u00e9ations qui font \u00e9chos aux mots de la revue.&#8221;<\/em><\/p>\n\n\n\n<p><strong><a href=\"https:\/\/lundi.am\/Ecoutez-nos-emissions-en-podcast\">lundisoir<\/a><\/strong><\/p>\n\n\n\n<p><em>&#8220;Chaque lundi soir, sur <a href=\"https:\/\/lundi.am\/\">lundimatin<\/a>, une discussion, une rencontre, un d\u00e9bat&#8230;&#8221;<\/em><\/p>\n\n\n\n<p><a href=\"https:\/\/audioblog.arteradio.com\/blog\/98875\/mayday\"><strong>Mayday<\/strong><\/a><\/p>\n\n\n\n<p><em>&#8220;L&#8217;\u00e9mission qui passe le mur du son. Des reportages, des rencontres, des r\u00e9cits, des microsons, des portraits, des textes , des cartes postales, des remix&#8230; Le Mayday du wenesday c&#8217;est tous les mercredis \u00e0 18h, en direct sur Radio Canut, 102.2 FM (Lyon et sa banlieue) et aussi en rediffusion sur la Cl\u00e9 des ondes (Bordeaux), sur radio Za\u00ef Za\u00ef (Angoul\u00eame), Radio Grenouille (Marseille), Radio Dragon (Mens), Radio Zinzine (Limans).&#8221;<\/em><\/p>\n\n\n\n<p><a href=\"https:\/\/audioblog.arteradio.com\/blog\/139527\/minuit-decousu\"><strong>Minuit D\u00e9cousu<\/strong><\/a><\/p>\n\n\n\n<p><em>&#8220;Une heure pour en d\u00e9coudre avec la nuit, pour tirer les fils du jour et laisser place \u00e0 l&#8217;obscurit\u00e9 et aux confidences. Une heure pour vous faire le r\u00e9cit d&#8217;actions militantes inspirantes, pour vous lire des histoires et vous faire \u00e9couter celle de celleux qui ont des choses \u00e0 partager. Une heure de sons, de musique. Une heure pour recevoir vos appels, \u00e9couter vos annecdotes, vos aventures et vos souvenirs. Tous les mardi \u00e0 23 h 00 sur Radio Canut (102.2).&#8221;<\/em><\/p>\n\n\n\n<p><strong><a href=\"https:\/\/camaraderevolution.org\/index.php\/category\/radio-camarade\/\">Radio Camarade<\/a><\/strong><\/p>\n\n\n\n<p>Trajectoires, histoires de luttes, discussions et pr\u00e9sentations de livres par le collectif du local Camarade \u00e0 Toulouse.<\/p>\n\n\n\n<p><strong><a href=\"https:\/\/www.arteradio.com\/emission\/un_podcast_soi\">Un podcast \u00e0 soi<\/a><\/strong><\/p>\n\n\n\n<p><em>&#8220;Chaque premier mercredi du mois, Un Podcast \u00e0 soi m\u00eale intimit\u00e9 et expertise, t\u00e9moignages et r\u00e9flexions, pour aborder les questions de genre, de f\u00e9minismes, d\u2019\u00e9galit\u00e9 entre les femmes et les hommes. Un podcast de Charlotte Bienaim\u00e9 pour ARTE Radio.&#8221;<\/em><\/p>\n\n\n\n<p><strong>Les podcasts de <a href=\"https:\/\/spectremedia.org\/\">Spectre<\/a><\/strong><\/p>\n\n\n\n<p>Spectre est une plateforme autonome de podcasts<em> &#8220;pour celles et ceux qui aspirent \u00e0 comprendre le monde dans lequel nous vivons et \u00e0 le transformer, une plateforme de podcasts pour les mondes d\u2019apr\u00e8s. Un site internet enti\u00e8rement consacr\u00e9 \u00e0 l\u2019h\u00e9bergement et la diffusion d\u2019\u00e9missions sonores, pour tracer collectivement des routes vers l\u2019\u00e9galit\u00e9 et la justice.&#8221;<\/em> Les podcasts r\u00e9pertori\u00e9s ci-dessous sont tous h\u00e9berg\u00e9s par Spectre. D&#8217;autres sont encore disponibles sur <a href=\"https:\/\/spectremedia.org\">spectremedia.org<\/a>.<\/p>\n\n\n\n<p><strong><a href=\"https:\/\/spectremedia.org\/en-avant-marx\/\">En avant Marx !<\/a><\/strong><\/p>\n\n\n\n<p><em>Dans En avant Marx&nbsp;! on parle de Marx, bien s\u00fbr, mais aussi des marxistes qui ont fait vivre ses id\u00e9es et ses combats apr\u00e8s lui. Pour ce faire, j\u2019ai la chance de recevoir des philosophes, des historiennes et des historiens, mais aussi des militantes et des militants.<\/em><\/p>\n\n\n\n<p><strong><a href=\"https:\/\/spectremedia.org\/cest-quoi-le-plan\/\">C&#8217;est quoi le plan ?<\/a><\/strong><\/p>\n\n\n\n<p>&#8220;C&#8217;est quoi le plan ?&#8221;, un podcast de la revue <a href=\"https:\/\/www.contretemps.eu\/\">Contretemps<\/a>, proposera de d\u00e9battre de toutes nos strat\u00e9gies pour b\u00e2tir un autre monde. Parfois, par chance, nous avons vu le monde d\u2019apr\u00e8s. Dans &#8220;C&#8217;est quoi le plan ?&#8221;, nous accueillons toutes les voix de celles et ceux qui en cherchent les chemins.<\/p>\n\n\n\n<p><strong><a href=\"https:\/\/spectremedia.org\/contresons\/\">Contresons<\/a><\/strong><\/p>\n\n\n\n<p><em>&#8220;Contresons, un podcast indisciplin\u00e9, orchestr\u00e9 par la revue <a href=\"https:\/\/www.contretemps.eu\/\">Contretemps<\/a>. Tous les quinze jours, une de nos \u00e9quipes propose une analyse critique, sous un angle historique, philosophique, g\u00e9ographique ou sociologique, mais toujours politique ! Contresons, c&#8217;est un podcast pour celles et ceux qui veulent mieux comprendre le monde contemporain et inventer ensemble celui qu&#8217;il nous faut construire, d&#8217;urgence.&#8221;<\/em><\/p>\n\n\n\n<p><strong><a href=\"https:\/\/spectremedia.org\/des-colonisations\/\">Des Colonisations<\/a><\/strong><\/p>\n\n\n\n<p><em>&#8220;Qu&#8217;est-ce que la colonisation ? Comment fait-on l&#8217;histoire de la colonisation aujourd&#8217;hui ? Une fois par mois, Des Colonisations, un podcast produit pour Spectre et anim\u00e9 par des jeunes historiennes et historiens, propose de raconter l\u2019histoire des femmes et des hommes en situation coloniale&#8221;<\/em><\/p>\n\n\n\n<p><a href=\"https:\/\/spectremedia.org\/les-emissions-sociales\/\"><strong>Les \u00e9missions sociales<\/strong><\/a><\/p>\n\n\n\n<p><em>&#8220;Depuis leur refondation, les \u00c9ditions sociales se sont donn\u00e9 pour ambition de redonner de la voix \u00e0 la tradition marxienne et marxiste entendue dans un sens large et pluriel&nbsp;: les \u0153uvres de Marx et Engels, d&#8217;abord, mais aussi tou\u00b7tes leurs interlocuteur\u00b7ices, direct\u00b7es et indirect\u00b7es, au sein de l&#8217;histoire longue du mouvement ouvrier. Dans cette s\u00e9rie d&#8217;\u00e9missions, nous invitons auteur\u00b7ices, philosophes, historien\u00b7nes, traducteur\u00b7rices ou professionnel\u00b7les du livre \u00e0 parler de leurs ouvrages et \u00e0 partager leurs lectures. Classiques du marxisme ou travaux contemporains, projets th\u00e9oriques ou de p\u00e9dagogie, \u00e0 chaque fois notre d\u00e9marche consiste \u00e0 mettre en travail les lectures et \u00e0 les faire r\u00e9sonner avec l&#8217;actualit\u00e9. Une \u00e9mission anim\u00e9e et r\u00e9alis\u00e9e par Guillaume Fondu et Marina Garrisi, soutenue par les \u00c9ditions sociales.&#8221;<\/em><\/p>\n\n\n\n<p><strong><a href=\"https:\/\/spectremedia.org\/minuit-dans-le-siecle\/\">Minuit dans le si\u00e8cle<\/a><\/strong><\/p>\n\n\n\n<p><em>&#8220;Tous les mois, Ugo Palheta d\u00e9cortique le fascisme, non par fascination morbide pour les pires tendances de notre monde, mais pour regarder en face le danger, sans jamais s\u00e9parer cette exploration de la lutte pour un autre monde. Dans &#8220;Minuit dans le si\u00e8cle&#8221;, on parle donc des origines du fascisme et de ses transformations, des rapports entre fascisme et police, entre fascisme et racisme ou entre fascisme et colonialisme, de la culture fasciste et des \u00c9tats fascistes, de la mani\u00e8re dont les fascistes investissent aujourd\u2019hui le terrain de l\u2019\u00e9cologie. On explorera aussi des insurrections antifascistes du pass\u00e9, des luttes qui sont men\u00e9es ici et maintenant, des strat\u00e9gies qui ont \u00e9t\u00e9 et sont mises en \u0153uvre par les mouvements antifascistes, des succ\u00e8s comme des \u00e9checs.&#8221;<\/em><\/p>\n\n\n\n<p><strong><a href=\"https:\/\/spectremedia.org\/sortir-du-capitalisme\/\">Sortir du capitalisme<\/a><\/strong><\/p>\n\n\n\n<p><em>Sortir du capitalisme<\/em>&nbsp;est un podcast et un site internet d\u00e9veloppant depuis janvier 2016 une critique \u00e9mancipatrice du capitalisme et des dominations associ\u00e9es, il est d\u00e9sormais disponible sur spectre.<\/p>\n\n\n\n<p><strong><a href=\"https:\/\/spectremedia.org\/on-est-la\/\">On est l\u00e0 !<\/a><\/strong><\/p>\n\n\n\n<p><em>&#8220;D\u00e9fendre une zone, un quartier ; se d\u00e9fendre au boulot, \u00e0 la maison, dans la rue, dans la vie ; gonfler la nouvelle vague f\u00e9ministe ; changer le monde, et pas le climat ; porter chasuble rouge, gilet jaune, k-way noir, foulard vert, drapeau arc-en-ciel ; donner de la voix, imposer le silence ; pleurer nos morts, nos mortes, exiger v\u00e9rit\u00e9 et justice. Tout \u00e7a, \u00e7a s&#8217;entend. Tout \u00e7a, on en parle. Pour tout \u00e7a, &#8220;on est l\u00e0&#8221; ! &#8220;On est l\u00e0&#8221;, c&#8217;est une s\u00e9rie pour les podcasts qui en cherchaient une, c&#8217;est un espace sur la plateforme Spectre fait pour regrouper vos sons qui racontent, qui rendent compte d&#8217;une lutte \u00e0 laquelle vous avez assist\u00e9, particip\u00e9. Envoyez-nous vos enregistrements sur spectremedia.org !&#8221;<\/em><\/p>\n\n\n\n<p><a href=\"https:\/\/spectremedia.org\/zoom-ecologie\/\"><strong>Zoom \u00c9cologie<\/strong><\/a><\/p>\n\n\n\n<p>&#8220;<em>Zoom \u00e9cologie est une \u00e9mission de la radio Fr\u00e9quence Paris Plurielle, diffus\u00e9e tous les jeudis soirs sur 106.3 fm en Ile-de-France et chaque semaine sur Spectre. Plusieurs \u00e9quipes se relaient pour raconter, entre reportages et entretiens, les luttes et les r\u00e9flexions de celles et ceux qui ne se contentent pas de petits gestes ni de marcher pour le climat.<\/em>&#8220;<\/p>\n\n\n\n<h2 class=\"wp-block-heading\">Quelques outils<\/h2>\n\n\n\n<p>Pour \u00e9couter tous ces podcasts, nous vous recommandons sur ordinateur le logiciel libre <a href=\"https:\/\/sn8z.github.io\/Poddr\/\">Poddr<\/a> et sur smartphone l&#8217;application libre et open source <a href=\"https:\/\/antennapod.org\/\">AntennaPod<\/a>, disponible sur Google Play, mais aussi dans la biblioth\u00e8que d&#8217;applications libres <a href=\"https:\/\/f-droid.org\/packages\/de.danoeh.antennapod\/\">F-droid<\/a>. Si vous utilisez d\u00e9j\u00e0 une application de podcast, vous pouvez transf\u00e9rer vos abonnements en exportant la liste de vos podcasts dans un fichier au format OPML, puis en important ce fichier OPML dans AntennaPod (dans l&#8217;onglet &#8220;ajouter un podcast&#8221;, cliquez sur &#8220;importer une liste de podcasts&#8221;). <\/p>\n\n\n\n<p>Par ailleurs, pour les camarades r\u00e9alisateur\u00b7ices de podcasts, il existe un outil d&#8217;h\u00e9bergement libre et open source pour diffuser vos productions en autonomie : <a href=\"https:\/\/castopod.org\/\">Castopod<\/a>.  Et pour celles et ceux qui r\u00e9fl\u00e9chissent \u00e0 se lancer dans l&#8217;aventure simplement, nous recommandons de d\u00e9buter avec l&#8217;\u00e9diteur audio <a href=\"http:\/\/www.darkaudacity.com\/index.html\">Dark Audacity<\/a> (version l\u00e9g\u00e8rement revisit\u00e9e du bien connu Audacity).<\/p>\n\n\n\n<p>Bonne \u00e9coute !<\/p>\n","protected":false},"excerpt":{"rendered":"<p>Le podcast s&#8217;impose dans les pratiques m\u00e9diatiques contemporaines et de plus en plus de camarades s&#8217;en emparent pour faire circuler<\/p>\n","protected":false},"author":1,"featured_media":6178,"comment_status":"closed","ping_status":"open","sticky":false,"template":"","format":"standard","meta":{"footnotes":""},"categories":[249],"tags":[317],"class_list":["post-6177","post","type-post","status-publish","format-standard","has-post-thumbnail","hentry","category-actualites","tag-podcasts"],"jetpack_featured_media_url":"https:\/\/alto.watch\/wp-content\/uploads\/2022\/02\/mixer-g0e9bbf24c_1280.jpg","yoast_head":"<!-- This site is optimized with the Yoast SEO plugin v15.9.2 - https:\/\/yoast.com\/wordpress\/plugins\/seo\/ -->\n<title>Des podcasts r\u00e9volutionnaires, et les outils libres pour les \u00e9couter et diffuser - Alto.watch<\/title>\n<meta name=\"description\" content=\"Notre s\u00e9lection de podcasts r\u00e9volutionnaires, et quelques outils libres pour les \u00e9couter ou les diffuser.\" \/>\n<link rel=\"canonical\" href=\"https:\/\/alto.watch\/index.php\/2022\/02\/20\/des-podcasts-revolutionnaires-et-les-outils-libres-pour-les-ecouter-et-diffuser\/\" \/>\n<meta property=\"og:locale\" content=\"fr_FR\" \/>\n<meta property=\"og:type\" content=\"article\" \/>\n<meta property=\"og:title\" content=\"Des podcasts r\u00e9volutionnaires, et les outils libres pour les \u00e9couter et diffuser - Alto.watch\" \/>\n<meta property=\"og:description\" content=\"Notre s\u00e9lection de podcasts r\u00e9volutionnaires, et quelques outils libres pour les \u00e9couter ou les diffuser.\" \/>\n<meta property=\"og:url\" content=\"https:\/\/alto.watch\/index.php\/2022\/02\/20\/des-podcasts-revolutionnaires-et-les-outils-libres-pour-les-ecouter-et-diffuser\/\" \/>\n<meta property=\"og:site_name\" content=\"Alto.watch\" \/>\n<meta property=\"article:published_time\" content=\"2022-02-20T18:52:15+00:00\" \/>\n<meta property=\"article:modified_time\" content=\"2022-03-23T19:55:30+00:00\" \/>\n<meta property=\"og:image\" content=\"https:\/\/alto.watch\/wp-content\/uploads\/2022\/02\/mixer-g0e9bbf24c_1280.jpg\" \/>\n\t<meta property=\"og:image:width\" content=\"1280\" \/>\n\t<meta property=\"og:image:height\" content=\"853\" \/>\n<meta name=\"twitter:card\" content=\"summary_large_image\" \/>\n<meta name=\"twitter:label1\" content=\"Dur\u00e9e de lecture est.\">\n\t<meta name=\"twitter:data1\" content=\"7 minutes\">\n<script type=\"application\/ld+json\" class=\"yoast-schema-graph\">{\"@context\":\"https:\/\/schema.org\",\"@graph\":[{\"@type\":\"WebSite\",\"@id\":\"https:\/\/alto.watch\/#website\",\"url\":\"https:\/\/alto.watch\/\",\"name\":\"Alto.watch\",\"description\":\"Plateforme vid\\u00e9o d&#039;\\u00e9ducation populaire, autonome et r\\u00e9volutionnaire.\",\"potentialAction\":[{\"@type\":\"SearchAction\",\"target\":\"https:\/\/alto.watch\/?s={search_term_string}\",\"query-input\":\"required name=search_term_string\"}],\"inLanguage\":\"fr-FR\"},{\"@type\":\"ImageObject\",\"@id\":\"https:\/\/alto.watch\/index.php\/2022\/02\/20\/des-podcasts-revolutionnaires-et-les-outils-libres-pour-les-ecouter-et-diffuser\/#primaryimage\",\"inLanguage\":\"fr-FR\",\"url\":\"https:\/\/alto.watch\/wp-content\/uploads\/2022\/02\/mixer-g0e9bbf24c_1280.jpg\",\"width\":1280,\"height\":853,\"caption\":\"Un micro pos\\u00e9 sur une console de mixage\"},{\"@type\":\"WebPage\",\"@id\":\"https:\/\/alto.watch\/index.php\/2022\/02\/20\/des-podcasts-revolutionnaires-et-les-outils-libres-pour-les-ecouter-et-diffuser\/#webpage\",\"url\":\"https:\/\/alto.watch\/index.php\/2022\/02\/20\/des-podcasts-revolutionnaires-et-les-outils-libres-pour-les-ecouter-et-diffuser\/\",\"name\":\"Des podcasts r\\u00e9volutionnaires, et les outils libres pour les \\u00e9couter et diffuser - Alto.watch\",\"isPartOf\":{\"@id\":\"https:\/\/alto.watch\/#website\"},\"primaryImageOfPage\":{\"@id\":\"https:\/\/alto.watch\/index.php\/2022\/02\/20\/des-podcasts-revolutionnaires-et-les-outils-libres-pour-les-ecouter-et-diffuser\/#primaryimage\"},\"datePublished\":\"2022-02-20T18:52:15+00:00\",\"dateModified\":\"2022-03-23T19:55:30+00:00\",\"author\":{\"@id\":\"https:\/\/alto.watch\/#\/schema\/person\/afe7a00a7b2d4080fe7708e73da65b81\"},\"description\":\"Notre s\\u00e9lection de podcasts r\\u00e9volutionnaires, et quelques outils libres pour les \\u00e9couter ou les diffuser.\",\"breadcrumb\":{\"@id\":\"https:\/\/alto.watch\/index.php\/2022\/02\/20\/des-podcasts-revolutionnaires-et-les-outils-libres-pour-les-ecouter-et-diffuser\/#breadcrumb\"},\"inLanguage\":\"fr-FR\",\"potentialAction\":[{\"@type\":\"ReadAction\",\"target\":[\"https:\/\/alto.watch\/index.php\/2022\/02\/20\/des-podcasts-revolutionnaires-et-les-outils-libres-pour-les-ecouter-et-diffuser\/\"]}]},{\"@type\":\"BreadcrumbList\",\"@id\":\"https:\/\/alto.watch\/index.php\/2022\/02\/20\/des-podcasts-revolutionnaires-et-les-outils-libres-pour-les-ecouter-et-diffuser\/#breadcrumb\",\"itemListElement\":[{\"@type\":\"ListItem\",\"position\":1,\"item\":{\"@type\":\"WebPage\",\"@id\":\"https:\/\/alto.watch\/\",\"url\":\"https:\/\/alto.watch\/\",\"name\":\"Accueil\"}},{\"@type\":\"ListItem\",\"position\":2,\"item\":{\"@type\":\"WebPage\",\"@id\":\"https:\/\/alto.watch\/index.php\/2022\/02\/20\/des-podcasts-revolutionnaires-et-les-outils-libres-pour-les-ecouter-et-diffuser\/\",\"url\":\"https:\/\/alto.watch\/index.php\/2022\/02\/20\/des-podcasts-revolutionnaires-et-les-outils-libres-pour-les-ecouter-et-diffuser\/\",\"name\":\"Des podcasts r\\u00e9volutionnaires, et les outils libres pour les \\u00e9couter et diffuser\"}}]},{\"@type\":\"Person\",\"@id\":\"https:\/\/alto.watch\/#\/schema\/person\/afe7a00a7b2d4080fe7708e73da65b81\",\"name\":\"admin8410\",\"image\":{\"@type\":\"ImageObject\",\"@id\":\"https:\/\/alto.watch\/#personlogo\",\"inLanguage\":\"fr-FR\",\"url\":\"https:\/\/secure.gravatar.com\/avatar\/c4f77f4cf9f7861e7fb81e4cda5b7644256a8195f00aec07c834b8a82fc4ed35?s=96&d=mm&r=g\",\"caption\":\"admin8410\"},\"sameAs\":[\"http:\/\/ydzzdui.cluster029.hosting.ovh.net\"]}]}<\/script>\n<!-- \/ Yoast SEO plugin. -->","_links":{"self":[{"href":"https:\/\/alto.watch\/index.php\/wp-json\/wp\/v2\/posts\/6177","targetHints":{"allow":["GET"]}}],"collection":[{"href":"https:\/\/alto.watch\/index.php\/wp-json\/wp\/v2\/posts"}],"about":[{"href":"https:\/\/alto.watch\/index.php\/wp-json\/wp\/v2\/types\/post"}],"author":[{"embeddable":true,"href":"https:\/\/alto.watch\/index.php\/wp-json\/wp\/v2\/users\/1"}],"replies":[{"embeddable":true,"href":"https:\/\/alto.watch\/index.php\/wp-json\/wp\/v2\/comments?post=6177"}],"version-history":[{"count":11,"href":"https:\/\/alto.watch\/index.php\/wp-json\/wp\/v2\/posts\/6177\/revisions"}],"predecessor-version":[{"id":6206,"href":"https:\/\/alto.watch\/index.php\/wp-json\/wp\/v2\/posts\/6177\/revisions\/6206"}],"wp:featuredmedia":[{"embeddable":true,"href":"https:\/\/alto.watch\/index.php\/wp-json\/wp\/v2\/media\/6178"}],"wp:attachment":[{"href":"https:\/\/alto.watch\/index.php\/wp-json\/wp\/v2\/media?parent=6177"}],"wp:term":[{"taxonomy":"category","embeddable":true,"href":"https:\/\/alto.watch\/index.php\/wp-json\/wp\/v2\/categories?post=6177"},{"taxonomy":"post_tag","embeddable":true,"href":"https:\/\/alto.watch\/index.php\/wp-json\/wp\/v2\/tags?post=6177"}],"curies":[{"name":"wp","href":"https:\/\/api.w.org\/{rel}","templated":true}]}}